{"id":43491,"date":"2022-04-04T06:30:00","date_gmt":"2022-04-04T05:30:00","guid":{"rendered":"https:\/\/hochzeitsfotografkonstanz.de\/?p=43491"},"modified":"2024-10-23T15:35:43","modified_gmt":"2024-10-23T14:35:43","slug":"friedrichshafen","status":"publish","type":"post","link":"https:\/\/chrislet.de\/hochzeitsfotograf\/friedrichshafen\/","title":{"rendered":"Hochzeitsfotograf Friedrichshafen"},"content":{"rendered":"<h1 class=\"elementor-heading-title elementor-size-default\">Hochzeitsfotograf Friedrichshafen<\/h1>\n<div class=\"elementor elementor-40749 elementor-location-single post-43491 post type-post status-publish format-standard has-post-thumbnail hentry category-orte-2 tag-friedrichshafen ast-article-single\" data-elementor-type=\"single-post\" data-elementor-id=\"40749\" data-elementor-post-type=\"elementor_library\">\n<div class=\"elementor-element elementor-element-b77a9e6 e-con-full e-flex e-con e-parent\" data-id=\"b77a9e6\" data-element_type=\"container\" data-settings=\"{&quot;background_background&quot;:&quot;classic&quot;,&quot;motion_fx_motion_fx_scrolling&quot;:&quot;yes&quot;,&quot;motion_fx_opacity_effect&quot;:&quot;yes&quot;,&quot;motion_fx_opacity_direction&quot;:&quot;in-out&quot;,&quot;motion_fx_opacity_range&quot;:{&quot;unit&quot;:&quot;%&quot;,&quot;size&quot;:&quot;&quot;,&quot;sizes&quot;:{&quot;start&quot;:27,&quot;end&quot;:34}},&quot;motion_fx_devices&quot;:[&quot;desktop&quot;],&quot;motion_fx_opacity_level&quot;:{&quot;unit&quot;:&quot;px&quot;,&quot;size&quot;:10,&quot;sizes&quot;:[]}}\"><\/div>\n<div class=\"elementor-element elementor-element-5121ce9 animated-fast e-flex e-con-boxed elementor-invisible e-con e-parent\" data-id=\"5121ce9\" data-element_type=\"container\" data-settings=\"{&quot;animation&quot;:&quot;fadeIn&quot;}\">\n<div class=\"e-con-inner\">\n<div class=\"elementor-element elementor-element-fe9efc1 elementor-widget__width-initial elementor-widget elementor-widget-heading\" data-id=\"fe9efc1\" data-element_type=\"widget\" data-widget_type=\"heading.default\">\n<div class=\"elementor-widget-container\">\n<h2 class=\"elementor-heading-title elementor-size-default\">Zeitlose<br \/>\nHochzeitsfotografie.<br \/>\n<span style=\"font-size: 1.1em; font-weight: bold;\">Echte<\/span> Momente.<\/h2>\n<\/div>\n<\/div>\n<div class=\"elementor-element elementor-element-e3668cf e-con-full e-flex e-con e-child\" data-id=\"e3668cf\" data-element_type=\"container\" data-settings=\"{&quot;animation&quot;:&quot;none&quot;}\">\n<div class=\"elementor-element elementor-element-612a5b1 elementor-widget elementor-widget-text-editor\" data-id=\"612a5b1\" data-element_type=\"widget\" data-widget_type=\"text-editor.default\">\n<div class=\"elementor-widget-container\">\n<p>Wie stellt Ihr Euch Eure Hochzeitsfotos vor? Sie sollen eine lebenslange Erinnerung an den sch\u00f6nsten Tag Eurer Liebe sein \u2013 Euer <strong>Hochzeitsfotograf Friedrichshafen<\/strong> m\u00f6chte Euch aber noch mehr bieten. Authentische Hochzeitsfotos spiegeln Euren einzigartigen Hochzeitstag genauso wider, wie er stattgefunden hat. Und f\u00fcllen die Erinnerung mit Leben. Die Erinnerung an einen Tag voller Liebe und Lebensfreude. Authentische Fotos brauchen keinen Kitsch. Sie zeigen Liebe und Lebensfreude, zeigen bewegende Momente in lebensechten Farben. Schn\u00f6rkellos, aber mit Gef\u00fchlstiefe. Nicht mehr, aber auch keinesfalls weniger. Euer authentischer Hochzeitsfotograf aus Friedrichshafen am <a title=\"Hochzeitsfotograf Bodensee\" href=\"https:\/\/chrislet.de\/hochzeitsfotograf\/bodensee\/\">Bodensee <\/a>verspricht Euch die unverf\u00e4lschte, wundersch\u00f6ne Darstellung Eurer wahren Liebe.<\/p>\n<h3>Ich fange Momente authentisch ein.<br \/>\nAuf Fotos, so einzigartig wie Eure Hochzeitsfeier<\/h3>\n<p>Ihr wollt Hochzeitsfotos, die so sind wie Ihr? Die Eure Pers\u00f6nlichkeiten so authentisch widerspiegeln wie Eure einzigartige Partnerschaft? Dann seid Ihr hier genau richtig.<\/p>\n<p>Ich bin Christoph Letzner, der Hochzeitsfotograf aus Friedrichshafen. Bei mir seid Ihr richtig, weil ich meine Leidenschaft dem Fotografieren dessen verschrieben habe, was man eigentlich gar nicht bildlich festhalten kann. Dem Moment des Gef\u00fchls. Und genau diese Momente sind es ja, die ein Hochzeitspaar sich bewahren m\u00f6chte. Solche Momente sind es, die eine Hochzeitsfeier ausmachen. Innige Blicke zwischen den Verm\u00e4hlten, Umarmungen mit den G\u00e4sten, Momente ungebremster Fr\u00f6hlichkeit, das gl\u00fcckliche Lachen des Brautvaters, aber auch die bewegten Tr\u00e4nen der Mutter des Br\u00e4utigams. Jeder dieser Momente bildet ein Mosaiksteinchen, die alle zusammengesetzt die Komposition eines perfekten Tages ergeben.<\/p>\n<p>Meine Fotogalerie zeigt Euch, wie ich die Momente fr\u00fcherer Brautpaare eingefangen haben. Eure Bilder sollen so einzigartig werden wie Eure pers\u00f6nliche Hochzeitsfeier.<\/p>\n<p>Das ist mein Versprechen an Euch als Euer Hochzeitsfotograf in Friedrichshafen.<\/p>\n<\/div>\n<\/div>\n<\/div>\n<div class=\"elementor-element elementor-element-c96cfd4 e-con-full e-flex e-con e-child\" data-id=\"c96cfd4\" data-element_type=\"container\">\n<div class=\"elementor-element elementor-element-b9cc0c2 elementor-widget elementor-widget-heading\" data-id=\"b9cc0c2\" data-element_type=\"widget\" data-widget_type=\"heading.default\">\n<div class=\"elementor-widget-container\">\n<p class=\"elementor-heading-title elementor-size-default\">Hey, ich bin Christoph<\/p>\n<\/div>\n<\/div>\n<div class=\"elementor-element elementor-element-685ea03 elementor-widget elementor-widget-text-editor\" data-id=\"685ea03\" data-element_type=\"widget\" data-widget_type=\"text-editor.default\">\n<div class=\"elementor-widget-container\">Hochzeitsfotograf f\u00fcr Friedrichshafen<\/div>\n<\/div>\n<div class=\"elementor-element elementor-element-263277e elementor-widget elementor-widget-image\" data-id=\"263277e\" data-element_type=\"widget\" data-settings=\"{&quot;_animation&quot;:&quot;none&quot;,&quot;_animation_delay&quot;:200}\" data-widget_type=\"image.default\">\n<div class=\"elementor-widget-container\"><\/div>\n<\/div>\n<div class=\"elementor-element elementor-element-6a859c4 elementor-align-center elementor-widget elementor-widget-button\" title=\"Fotograf f\u00fcr Hochzeit Christoph Letzner\" data-id=\"6a859c4\" data-element_type=\"widget\" data-widget_type=\"button.default\">\n<div class=\"elementor-widget-container\">\n<div class=\"elementor-button-wrapper\"><a class=\"elementor-button elementor-button-link elementor-size-sm\" title=\"Fotograf Christoph Letzner\" href=\"https:\/\/chrislet.de\/hochzeitsfotograf\/about\/\"> <span class=\"elementor-button-content-wrapper\"> <span class=\"elementor-button-text\">Mehr \u00fcber mich<\/span> <\/span> <\/a><\/div>\n<\/div>\n<\/div>\n<div class=\"elementor-element elementor-element-4266981 elementor-align-center elementor-widget elementor-widget-button\" title=\"Fotograf f\u00fcr Hochzeit Christoph Letzner\" data-id=\"4266981\" data-element_type=\"widget\" data-widget_type=\"button.default\">\n<div class=\"elementor-widget-container\">\n<div class=\"elementor-button-wrapper\"><a class=\"elementor-button elementor-button-link elementor-size-sm\" title=\"Fotograf Christoph Letzner\" href=\"https:\/\/chrislet.de\/hochzeitsfotograf\/kontakt\/\"> <span class=\"elementor-button-content-wrapper\"> <span class=\"elementor-button-text\">Jetzt euren<br \/>\nTermin anfragen<\/span> <\/span> <\/a><\/div>\n<\/div>\n<\/div>\n<\/div>\n<\/div>\n<\/div>\n<div class=\"elementor-element elementor-element-f7cf800 e-flex e-con-boxed e-con e-parent\" data-id=\"f7cf800\" data-element_type=\"container\">\n<div class=\"e-con-inner\">\n<div class=\"elementor-element elementor-element-0eca93f elementor-widget elementor-widget-menu-anchor\" data-id=\"0eca93f\" data-element_type=\"widget\" data-widget_type=\"menu-anchor.default\">\n<div class=\"elementor-widget-container\">\n<div id=\"galerie\" class=\"elementor-menu-anchor\"><\/div>\n<\/div>\n<\/div>\n<div class=\"elementor-element elementor-element-338b3c7 elementor-widget__width-inherit elementor-widget elementor-widget-heading\" data-id=\"338b3c7\" data-element_type=\"widget\" data-widget_type=\"heading.default\">\n<div class=\"elementor-widget-container\">\n<h3 class=\"elementor-heading-title elementor-size-default\">Hochzeitsbilder Friedrichshafen<\/h3>\n<\/div>\n<\/div>\n<\/div>\n<\/div>\n<div class=\"elementor-element elementor-element-87249f7 animated-fast e-flex e-con-boxed elementor-invisible e-con e-parent\" data-id=\"87249f7\" data-element_type=\"container\" data-settings=\"{&quot;animation&quot;:&quot;fadeIn&quot;}\">\n<div class=\"e-con-inner\">\n<div class=\"elementor-element elementor-element-b16c880 e-con-full e-flex e-con e-child\" data-id=\"b16c880\" data-element_type=\"container\">\n<div class=\"elementor-element elementor-element-fa819f9 elementor-widget elementor-widget-image\" data-id=\"fa819f9\" data-element_type=\"widget\" data-widget_type=\"image.default\">\n<div class=\"elementor-widget-container\"><\/div>\n<\/div>\n<\/div>\n<div class=\"elementor-element elementor-element-9043f5b e-con-full e-flex e-con e-child\" data-id=\"9043f5b\" data-element_type=\"container\">\n<div class=\"elementor-element elementor-element-fb8aaf2 elementor-widget elementor-widget-image\" data-id=\"fb8aaf2\" data-element_type=\"widget\" data-widget_type=\"image.default\">\n<div class=\"elementor-widget-container\"><\/div>\n<\/div>\n<\/div>\n<\/div>\n<\/div>\n<div class=\"elementor-element elementor-element-9440cb0 animated-fast e-flex e-con-boxed elementor-invisible e-con e-parent\" data-id=\"9440cb0\" data-element_type=\"container\" data-settings=\"{&quot;animation&quot;:&quot;fadeIn&quot;}\">\n<div class=\"e-con-inner\">\n<div class=\"elementor-element elementor-element-b4b9228 e-con-full e-flex e-con e-child\" data-id=\"b4b9228\" data-element_type=\"container\">\n<div class=\"elementor-element elementor-element-15ca326 elementor-widget elementor-widget-image\" data-id=\"15ca326\" data-element_type=\"widget\" data-widget_type=\"image.default\">\n<div class=\"elementor-widget-container\"><\/div>\n<\/div>\n<\/div>\n<div class=\"elementor-element elementor-element-77bea1a e-con-full e-flex e-con e-child\" data-id=\"77bea1a\" data-element_type=\"container\">\n<div class=\"elementor-element elementor-element-b662830 elementor-widget elementor-widget-image\" data-id=\"b662830\" data-element_type=\"widget\" data-widget_type=\"image.default\">\n<div class=\"elementor-widget-container\"><\/div>\n<\/div>\n<\/div>\n<\/div>\n<\/div>\n<div class=\"elementor-element elementor-element-e5ef361 e-flex e-con-boxed e-con e-parent\" data-id=\"e5ef361\" data-element_type=\"container\">\n<div class=\"e-con-inner\">\n<div class=\"elementor-element elementor-element-72e7095 elementor-widget__width-inherit elementor-widget elementor-widget-heading\" data-id=\"72e7095\" data-element_type=\"widget\" data-widget_type=\"heading.default\">\n<div class=\"elementor-widget-container\">\n<h3 class=\"elementor-heading-title elementor-size-default\">Hochzeitsreportagen aus<br \/>\nmeinem Portfolio<\/h3>\n<\/div>\n<\/div>\n<div class=\"elementor-element elementor-element-605f2a5 elementor-widget__width-inherit elementor-grid-3 elementor-grid-tablet-2 elementor-grid-mobile-1 elementor-widget elementor-widget-portfolio\" data-id=\"605f2a5\" data-element_type=\"widget\" data-settings=\"{&quot;row_gap&quot;:{&quot;unit&quot;:&quot;px&quot;,&quot;size&quot;:5,&quot;sizes&quot;:[]},&quot;columns&quot;:&quot;3&quot;,&quot;columns_tablet&quot;:&quot;2&quot;,&quot;columns_mobile&quot;:&quot;1&quot;,&quot;item_ratio&quot;:{&quot;unit&quot;:&quot;px&quot;,&quot;size&quot;:0.66000000000000003,&quot;sizes&quot;:[]},&quot;item_gap&quot;:{&quot;unit&quot;:&quot;px&quot;,&quot;size&quot;:&quot;&quot;,&quot;sizes&quot;:[]}}\" data-widget_type=\"portfolio.default\">\n<div class=\"elementor-widget-container\">\n<div class=\"elementor-portfolio elementor-grid elementor-posts-container\">\n<article class=\"elementor-portfolio-item elementor-post elementor-filter-1 post-46329 post type-post status-publish format-standard has-post-thumbnail hentry category-portfolio\">\n<div class=\"elementor-portfolio-item__img elementor-post__thumbnail\"><\/div>\n<div class=\"elementor-portfolio-item__overlay\">\n<p class=\"elementor-portfolio-item__title\">Hochzeit auf der Villa St. Charles Hall<\/p>\n<\/div>\n<p>&nbsp;<\/p>\n<\/article>\n<article class=\"elementor-portfolio-item elementor-post elementor-filter-214 post-46318 post type-post status-publish format-standard has-post-thumbnail hentry category-brautpaarshooting\">\n<div class=\"elementor-portfolio-item__img elementor-post__thumbnail\"><\/div>\n<div class=\"elementor-portfolio-item__overlay\">\n<p class=\"elementor-portfolio-item__title\">Ein Brautpaarshooting in Konstanz<\/p>\n<\/div>\n<p>&nbsp;<\/p>\n<\/article>\n<article class=\"elementor-portfolio-item elementor-post elementor-filter-220 post-46163 post type-post status-publish format-standard has-post-thumbnail hentry category-paarshooting\">\n<div class=\"elementor-portfolio-item__img elementor-post__thumbnail\"><\/div>\n<div class=\"elementor-portfolio-item__overlay\">\n<p class=\"elementor-portfolio-item__title\">Paar-Fotoshooting auf Korsika<\/p>\n<\/div>\n<p>&nbsp;<\/p>\n<\/article>\n<article class=\"elementor-portfolio-item elementor-post elementor-filter-1 post-45955 post type-post status-publish format-standard has-post-thumbnail hentry category-portfolio\">\n<div class=\"elementor-portfolio-item__img elementor-post__thumbnail\"><\/div>\n<div class=\"elementor-portfolio-item__overlay\">\n<p class=\"elementor-portfolio-item__title\">Hochzeit Schloss Arenenberg Salenstein<\/p>\n<\/div>\n<p>&nbsp;<\/p>\n<\/article>\n<article class=\"elementor-portfolio-item elementor-post elementor-filter-222 elementor-filter-1 post-45826 post type-post status-publish format-standard has-post-thumbnail hentry category-archiv category-portfolio\">\n<div class=\"elementor-portfolio-item__img elementor-post__thumbnail\"><\/div>\n<div class=\"elementor-portfolio-item__overlay\">\n<p class=\"elementor-portfolio-item__title\">Hochzeit auf Schloss Seeburg in Kreuzlingen<\/p>\n<\/div>\n<p>&nbsp;<\/p>\n<\/article>\n<article class=\"elementor-portfolio-item elementor-post elementor-filter-1 post-44579 post type-post status-publish format-standard has-post-thumbnail hentry category-portfolio\">\n<div class=\"elementor-portfolio-item__img elementor-post__thumbnail\"><\/div>\n<div class=\"elementor-portfolio-item__overlay\">\n<p class=\"elementor-portfolio-item__title\">Hochzeit in Bodman-Ludwigshafen<\/p>\n<\/div>\n<p>&nbsp;<\/p>\n<\/article>\n<\/div>\n<\/div>\n<\/div>\n<\/div>\n<\/div>\n<div class=\"elementor-element elementor-element-0dae1c4 e-con-full e-flex e-con e-parent\" data-id=\"0dae1c4\" data-element_type=\"container\" data-settings=\"{&quot;background_background&quot;:&quot;classic&quot;}\">\n<div class=\"elementor-element elementor-element-a68d607 e-con-full e-flex e-con e-child\" data-id=\"a68d607\" data-element_type=\"container\">\n<div class=\"elementor-element elementor-element-4c5ed9c animated-slow elementor-widget elementor-widget-heading\" data-id=\"4c5ed9c\" data-element_type=\"widget\" data-settings=\"{&quot;_animation&quot;:&quot;none&quot;,&quot;_animation_delay&quot;:0.5}\" data-widget_type=\"heading.default\">\n<div class=\"elementor-widget-container\">\n<div class=\"elementor-heading-title elementor-size-default\"><\/div>\n<\/div>\n<\/div>\n<\/div>\n<\/div>\n<div class=\"elementor-element elementor-element-ff39ec2 e-flex e-con-boxed elementor-invisible e-con e-parent\" data-id=\"ff39ec2\" data-element_type=\"container\" data-settings=\"{&quot;animation&quot;:&quot;fadeIn&quot;,&quot;animation_delay&quot;:100}\">\n<div class=\"e-con-inner\">\n<div class=\"elementor-element elementor-element-cf42f61 e-con-full e-flex e-con e-child\" data-id=\"cf42f61\" data-element_type=\"container\" data-settings=\"{&quot;background_background&quot;:&quot;classic&quot;}\">\n<div class=\"elementor-element elementor-element-0a8beaf elementor-widget elementor-widget-menu-anchor\" data-id=\"0a8beaf\" data-element_type=\"widget\" data-widget_type=\"menu-anchor.default\">\n<div class=\"elementor-widget-container\">\n<div id=\"hochzeitsvideo\" class=\"elementor-menu-anchor\"><\/div>\n<\/div>\n<\/div>\n<div class=\"elementor-element elementor-element-e898dc5 elementor-widget elementor-widget-heading\" data-id=\"e898dc5\" data-element_type=\"widget\" data-widget_type=\"heading.default\">\n<div class=\"elementor-widget-container\">\n<h2 class=\"elementor-heading-title elementor-size-default\">Euer Hochzeitsfotograf f\u00fcr Friedrichshafen und Umgebung<\/h2>\n<\/div>\n<\/div>\n<div class=\"elementor-element elementor-element-1799b1e elementor-widget elementor-widget-text-editor\" data-id=\"1799b1e\" data-element_type=\"widget\" data-widget_type=\"text-editor.default\">\n<div class=\"elementor-widget-container\">\n<p>Ich bin nicht nur der <strong>Fotograf f\u00fcr Eure Hochzeit<\/strong>, ich erstelle auch Videos und mache Hochzeitsreportagen. Warum ich am liebsten Hochzeiten bildlich dokumentiere? Weil ich diesen einzigartigen Tag selbst erlebt habe und Euch mehr bieten m\u00f6chte als nur romantische Paarfotos und lustige Partybilder. Denn die sagen gar nichts \u00fcber den sch\u00f6nsten Event Eures gemeinsamen Lebens aus. Ich will Eure Hochzeit ganz nah begleiten und authentisch dokumentieren, denn meine Bilder haben etwas auszusagen. Deshalb fotografiere ich Euch und Eure G\u00e4ste nicht nur, ich biete Euch komplette Hochzeitsreportagen an.<\/p>\n<p>Damit Ihr Euren sch\u00f6nsten Tag immer und immer wieder nacherleben k\u00f6nnt.<\/p>\n<p>Ich m\u00f6chte Eure ganz pers\u00f6nliche Geschichte erz\u00e4hlen. Und zwar so, wie Ihr seid, wie Euer Leben ist, wie Eure Feier stattgefunden hat. Sch\u00f6ne und kunstvoll arrangierte Portraits geh\u00f6ren genauso zu dieser individuellen Geschichte wie Momente voller Lebensfreude. Ich fange mit meinen Fotos das Gl\u00fcck des Augenblicks ein, wenn zwei Liebende sich ansehen. Aber auch die ergreifenden Momente, wenn Tr\u00e4nen der R\u00fchrung \u00fcberw\u00e4ltigen. Gef\u00fchlen auf Bildern Ausdruck zu verleihen, ist die hohe Kunst der Hochzeitsfotografie.<\/p>\n<p>Als Euer Hochzeitsfotograf in Friedrichshafen bin ich mittendrin in Eurer Geschichte. Ich erlebe einen Hochzeitstag nicht als au\u00dfenstehender Betrachter, sondern bin voll in meinem Element als fotografischer Geschichtenerz\u00e4hler.<\/p>\n<\/div>\n<\/div>\n<\/div>\n<\/div>\n<\/div>\n<div class=\"elementor-element elementor-element-c57913e animated-fast e-flex e-con-boxed elementor-invisible e-con e-parent\" data-id=\"c57913e\" data-element_type=\"container\" data-settings=\"{&quot;animation&quot;:&quot;fadeIn&quot;}\">\n<div class=\"e-con-inner\">\n<div class=\"elementor-element elementor-element-a0c8ea1 elementor-widget elementor-widget-menu-anchor\" data-id=\"a0c8ea1\" data-element_type=\"widget\" data-widget_type=\"menu-anchor.default\">\n<div class=\"elementor-widget-container\">\n<div id=\"hochzeitsvideo\" class=\"elementor-menu-anchor\"><\/div>\n<\/div>\n<\/div>\n<div class=\"elementor-element elementor-element-a942c0c elementor-widget__width-inherit elementor-widget elementor-widget-heading\" data-id=\"a942c0c\" data-element_type=\"widget\" data-widget_type=\"heading.default\">\n<div class=\"elementor-widget-container\">\n<h3 class=\"elementor-heading-title elementor-size-default\">Das Highlife-Video Euer Hochzeit<\/h3>\n<\/div>\n<\/div>\n<div class=\"elementor-element elementor-element-1c4e1a2 elementor-widget__width-initial elementor-widget elementor-widget-video\" title=\"Hochzeitsvideo\" data-id=\"1c4e1a2\" data-element_type=\"widget\" data-settings=\"{&quot;youtube_url&quot;:&quot;https:\\\/\\\/youtu.be\\\/QtaUAxL8ytY&quot;,&quot;modestbranding&quot;:&quot;yes&quot;,&quot;yt_privacy&quot;:&quot;yes&quot;,&quot;lazy_load&quot;:&quot;yes&quot;,&quot;show_image_overlay&quot;:&quot;yes&quot;,&quot;image_overlay&quot;:{&quot;url&quot;:&quot;https:\\\/\\\/chrislet.de\\\/hochzeitsfotograf\\\/wp-content\\\/uploads\\\/Hochzeitsfotograf-Konstanz-02-2675.jpg&quot;,&quot;id&quot;:44716,&quot;size&quot;:&quot;&quot;,&quot;alt&quot;:&quot;Hochzeitsfotograf Konstanz&quot;,&quot;source&quot;:&quot;library&quot;},&quot;video_type&quot;:&quot;youtube&quot;,&quot;controls&quot;:&quot;yes&quot;}\" data-widget_type=\"video.default\">\n<div class=\"elementor-widget-container\">\n<div class=\"elementor-wrapper elementor-open-inline\">\n<div class=\"elementor-video\"><\/div>\n<div class=\"elementor-custom-embed-image-overlay\" style=\"background-image: url('https:\/\/chrislet.de\/hochzeitsfotograf\/wp-content\/smush-webp\/Hochzeitsfotograf-Konstanz-02-2675.jpg.webp');\">\n<div class=\"elementor-custom-embed-play\" tabindex=\"0\" role=\"button\" aria-label=\"Play Video about Hochzeitsfotograf Konstanz\"><span class=\"elementor-screen-only\">Play Video about Hochzeitsfotograf Konstanz<\/span><\/div>\n<\/div>\n<\/div>\n<\/div>\n<\/div>\n<\/div>\n<\/div>\n<div class=\"elementor-element elementor-element-b30b993 e-flex e-con-boxed e-con e-parent\" data-id=\"b30b993\" data-element_type=\"container\" data-settings=\"{&quot;background_background&quot;:&quot;classic&quot;}\">\n<div class=\"e-con-inner\">\n<div class=\"elementor-element elementor-element-5e2b710 elementor-widget elementor-widget-menu-anchor\" data-id=\"5e2b710\" data-element_type=\"widget\" data-widget_type=\"menu-anchor.default\">\n<div class=\"elementor-widget-container\">\n<div id=\"hochzeitstipps\" class=\"elementor-menu-anchor\"><\/div>\n<\/div>\n<\/div>\n<div class=\"elementor-element elementor-element-30a8540 elementor-widget elementor-widget-heading\" data-id=\"30a8540\" data-element_type=\"widget\" data-widget_type=\"heading.default\">\n<div class=\"elementor-widget-container\">\n<h2 class=\"elementor-heading-title elementor-size-default\">Meine 4 Tipps f\u00fcr Eure perfekten Hochzeitsfotos<\/h2>\n<\/div>\n<\/div>\n<\/div>\n<\/div>\n<div class=\"elementor-element elementor-element-0fbb66a e-flex e-con-boxed e-con e-parent\" data-id=\"0fbb66a\" data-element_type=\"container\" data-settings=\"{&quot;background_background&quot;:&quot;classic&quot;}\">\n<div class=\"e-con-inner\">\n<div class=\"elementor-element elementor-element-0074431 animated-fast e-con-full e-flex elementor-invisible e-con e-child\" data-id=\"0074431\" data-element_type=\"container\" data-settings=\"{&quot;background_background&quot;:&quot;classic&quot;,&quot;animation&quot;:&quot;fadeIn&quot;,&quot;animation_delay&quot;:200}\">\n<div class=\"elementor-element elementor-element-19807c2 elementor-widget__width-initial elementor-widget elementor-widget-heading\" data-id=\"19807c2\" data-element_type=\"widget\" data-widget_type=\"heading.default\">\n<div class=\"elementor-widget-container\"><span class=\"elementor-heading-title elementor-size-default\">1<\/span><\/div>\n<\/div>\n<div class=\"elementor-element elementor-element-90d7c71 elementor-widget__width-inherit elementor-widget elementor-widget-heading\" data-id=\"90d7c71\" data-element_type=\"widget\" data-widget_type=\"heading.default\">\n<div class=\"elementor-widget-container\">\n<h3 class=\"elementor-heading-title elementor-size-default\">Das Paar und sein Fotograf f\u00fcr die Hochzeit<\/h3>\n<\/div>\n<\/div>\n<div class=\"elementor-element elementor-element-503941b elementor-widget elementor-widget-text-editor\" data-id=\"503941b\" data-element_type=\"widget\" data-widget_type=\"text-editor.default\">\n<div class=\"elementor-widget-container\">\n<p>W\u00fcrdet Ihr den Fotografen als Gast auf Eure Hochzeit einladen? Wenn die Sympathie daf\u00fcr nicht ausreicht, dann ist es auch nicht der richtige Fotograf. Jedes Paar sollte den Hochzeitsfotografen seiner Wahl vorab pers\u00f6nlich kennenlernen und die Sympathie entscheiden lassen. Denn Ihr m\u00fcsst Euch am entscheidenden Tag miteinander wohlf\u00fchlen.<\/p>\n<\/div>\n<\/div>\n<\/div>\n<div class=\"elementor-element elementor-element-a9d834d animated-fast e-con-full e-flex elementor-invisible e-con e-child\" data-id=\"a9d834d\" data-element_type=\"container\" data-settings=\"{&quot;background_background&quot;:&quot;classic&quot;,&quot;animation&quot;:&quot;fadeIn&quot;,&quot;animation_delay&quot;:200}\">\n<div class=\"elementor-element elementor-element-2885cda elementor-widget__width-initial elementor-widget elementor-widget-heading\" data-id=\"2885cda\" data-element_type=\"widget\" data-widget_type=\"heading.default\">\n<div class=\"elementor-widget-container\"><span class=\"elementor-heading-title elementor-size-default\">2<\/span><\/div>\n<\/div>\n<div class=\"elementor-element elementor-element-3eeba37 elementor-widget__width-inherit elementor-widget elementor-widget-heading\" data-id=\"3eeba37\" data-element_type=\"widget\" data-widget_type=\"heading.default\">\n<div class=\"elementor-widget-container\">\n<h3 class=\"elementor-heading-title elementor-size-default\">Der Stil der Bilder<\/h3>\n<\/div>\n<\/div>\n<div class=\"elementor-element elementor-element-2f65b67 elementor-widget elementor-widget-text-editor\" data-id=\"2f65b67\" data-element_type=\"widget\" data-widget_type=\"text-editor.default\">\n<div class=\"elementor-widget-container\">Jeder Fotograf ist anders. Schaut Euch also die Bilder der infrage kommenden Anbieter genau an. M\u00f6gt Ihr den Stil, passen die Fotos zu Euch? Manche Hochzeitsfotografen neigen zu romantischem Kitsch, andere bevorzugen einen sehr klaren Stil. Vor allem solltet Ihr darauf achten, was der Fotograf mit seinen Bildern \u201aher\u00fcberbringt\u2018. K\u00f6nnt Ihr das Strahlen in den Augen der Braut sehen, das Gl\u00fcck im Blick des Br\u00e4utigams erkennen? Jedes Foto vermittelt eine gewisse Stimmung. Findet Ihr Euch in dieser Stimmung wieder?<\/div>\n<\/div>\n<\/div>\n<\/div>\n<\/div>\n<div class=\"elementor-element elementor-element-e44bd68 e-flex e-con-boxed e-con e-parent\" data-id=\"e44bd68\" data-element_type=\"container\" data-settings=\"{&quot;background_background&quot;:&quot;classic&quot;}\">\n<div class=\"e-con-inner\">\n<div class=\"elementor-element elementor-element-6c2e5d9 animated-fast e-con-full e-flex elementor-invisible e-con e-child\" data-id=\"6c2e5d9\" data-element_type=\"container\" data-settings=\"{&quot;background_background&quot;:&quot;classic&quot;,&quot;animation&quot;:&quot;fadeIn&quot;,&quot;animation_delay&quot;:200}\">\n<div class=\"elementor-element elementor-element-d5c3f2b elementor-widget__width-initial elementor-widget elementor-widget-heading\" data-id=\"d5c3f2b\" data-element_type=\"widget\" data-widget_type=\"heading.default\">\n<div class=\"elementor-widget-container\"><span class=\"elementor-heading-title elementor-size-default\">3<\/span><\/div>\n<\/div>\n<div class=\"elementor-element elementor-element-496065e elementor-widget__width-inherit elementor-widget elementor-widget-heading\" data-id=\"496065e\" data-element_type=\"widget\" data-widget_type=\"heading.default\">\n<div class=\"elementor-widget-container\">\n<h3 class=\"elementor-heading-title elementor-size-default\">Stimmt der Preis?<\/h3>\n<\/div>\n<\/div>\n<div class=\"elementor-element elementor-element-b488785 elementor-widget elementor-widget-text-editor\" data-id=\"b488785\" data-element_type=\"widget\" data-widget_type=\"text-editor.default\">\n<div class=\"elementor-widget-container\">Habt Ihr das Gef\u00fchl, dass Preis und Leistung des Fotografen \u00fcbereinstimmen? Wenn nicht, dann sprecht ihn darauf an und lasst ihn seine Preispolitik begr\u00fcnden. Denn auch hier muss das Bauchgef\u00fchl stimmen. Wer meint, die Leistungen des Fotografen seien \u00fcberteuert, wird am Tag der Hochzeit auch nicht mit ihm harmonieren. Nat\u00fcrlich h\u00e4ngt die Budgetplanung auch von Eurem Etat ab. Der Preis des Fotografen muss in Euren Finanzplan passen.<\/div>\n<\/div>\n<\/div>\n<div class=\"elementor-element elementor-element-668b413 animated-fast e-con-full e-flex elementor-invisible e-con e-child\" data-id=\"668b413\" data-element_type=\"container\" data-settings=\"{&quot;background_background&quot;:&quot;classic&quot;,&quot;animation&quot;:&quot;fadeIn&quot;,&quot;animation_delay&quot;:200}\">\n<div class=\"elementor-element elementor-element-a6c964e elementor-widget__width-initial elementor-widget elementor-widget-heading\" data-id=\"a6c964e\" data-element_type=\"widget\" data-widget_type=\"heading.default\">\n<div class=\"elementor-widget-container\"><span class=\"elementor-heading-title elementor-size-default\">4<\/span><\/div>\n<\/div>\n<div class=\"elementor-element elementor-element-f9a28a7 elementor-widget__width-inherit elementor-widget elementor-widget-heading\" data-id=\"f9a28a7\" data-element_type=\"widget\" data-widget_type=\"heading.default\">\n<div class=\"elementor-widget-container\">\n<h3 class=\"elementor-heading-title elementor-size-default\">Save the Date<\/h3>\n<\/div>\n<\/div>\n<div class=\"elementor-element elementor-element-d284ef1 elementor-widget elementor-widget-text-editor\" data-id=\"d284ef1\" data-element_type=\"widget\" data-widget_type=\"text-editor.default\">\n<div class=\"elementor-widget-container\">Gute Hochzeitsfotografen sind gefragt. Und Hochzeitsplanungen werden meist weit im Voraus begonnen. In der Regel buchen Paare den Fotografen schon 8 bis 12 Monate vor dem Hochzeitsdatum. Wollt Ihr zu einem besonders beliebten Termin heiraten, m\u00fcsst Ihr sogar noch weiter vorausplanen.<\/div>\n<\/div>\n<\/div>\n<\/div>\n<\/div>\n<div class=\"elementor-element elementor-element-45fd0be e-flex e-con-boxed e-con e-parent\" data-id=\"45fd0be\" data-element_type=\"container\">\n<div class=\"e-con-inner\">\n<div class=\"elementor-element elementor-element-94c33c5 elementor-widget elementor-widget-menu-anchor\" data-id=\"94c33c5\" data-element_type=\"widget\" data-widget_type=\"menu-anchor.default\">\n<div class=\"elementor-widget-container\">\n<div id=\"leistungen\" class=\"elementor-menu-anchor\"><\/div>\n<\/div>\n<\/div>\n<div class=\"elementor-element elementor-element-0033d4d elementor-widget__width-inherit elementor-widget elementor-widget-heading\" data-id=\"0033d4d\" data-element_type=\"widget\" data-widget_type=\"heading.default\">\n<div class=\"elementor-widget-container\">\n<h2 class=\"elementor-heading-title elementor-size-default\">Die Leistungen<\/h2>\n<\/div>\n<\/div>\n<\/div>\n<\/div>\n<div class=\"elementor-element elementor-element-2936d1c e-flex e-con-boxed e-con e-parent\" data-id=\"2936d1c\" data-element_type=\"container\" data-settings=\"{&quot;background_background&quot;:&quot;classic&quot;}\">\n<div class=\"e-con-inner\">\n<div class=\"elementor-element elementor-element-aa1db0c animated-fast e-con-full e-flex elementor-invisible e-con e-child\" data-id=\"aa1db0c\" data-element_type=\"container\" data-settings=\"{&quot;animation&quot;:&quot;fadeIn&quot;,&quot;animation_delay&quot;:200}\">\n<div class=\"elementor-element elementor-element-5b57d3b elementor-widget elementor-widget-image\" data-id=\"5b57d3b\" data-element_type=\"widget\" data-settings=\"{&quot;_animation&quot;:&quot;none&quot;}\" data-widget_type=\"image.default\">\n<div class=\"elementor-widget-container\"><\/div>\n<\/div>\n<div class=\"elementor-element elementor-element-7063270 elementor-widget elementor-widget-heading\" data-id=\"7063270\" data-element_type=\"widget\" data-widget_type=\"heading.default\">\n<div class=\"elementor-widget-container\">\n<h3 class=\"elementor-heading-title elementor-size-default\">Engagement<br \/>\nFotoshooting<\/h3>\n<\/div>\n<\/div>\n<div class=\"elementor-element elementor-element-bd51072 elementor-widget elementor-widget-text-editor\" data-id=\"bd51072\" data-element_type=\"widget\" data-widget_type=\"text-editor.default\">\n<div class=\"elementor-widget-container\">\n<p>Bei einem Vorab-Shooting k\u00f6nnen wir uns in entspannter Atmosph\u00e4re n\u00e4her kennenlernen und Ihr gestaltet dann mit den Fotos Eure ganz pers\u00f6nliche Einladungskarten.<\/p>\n<\/div>\n<\/div>\n<\/div>\n<div class=\"elementor-element elementor-element-8364da9 animated-fast e-con-full e-flex elementor-invisible e-con e-child\" data-id=\"8364da9\" data-element_type=\"container\" data-settings=\"{&quot;animation&quot;:&quot;fadeIn&quot;,&quot;animation_delay&quot;:400}\">\n<div class=\"elementor-element elementor-element-9725415 elementor-widget elementor-widget-image\" data-id=\"9725415\" data-element_type=\"widget\" data-settings=\"{&quot;_animation&quot;:&quot;none&quot;,&quot;_animation_delay&quot;:200}\" data-widget_type=\"image.default\">\n<div class=\"elementor-widget-container\"><\/div>\n<\/div>\n<div class=\"elementor-element elementor-element-7b0a14d elementor-widget elementor-widget-heading\" data-id=\"7b0a14d\" data-element_type=\"widget\" data-widget_type=\"heading.default\">\n<div class=\"elementor-widget-container\">\n<h3 class=\"elementor-heading-title elementor-size-default\">Hochzeits-<br \/>\nreportagen<\/h3>\n<\/div>\n<\/div>\n<div class=\"elementor-element elementor-element-b92f06a elementor-widget elementor-widget-text-editor\" data-id=\"b92f06a\" data-element_type=\"widget\" data-widget_type=\"text-editor.default\">\n<div class=\"elementor-widget-container\">\n<p>Einfach nur Hochzeitsfotos gen\u00fcgen Euren Anspr\u00fcchen nicht? Dann bucht doch am besten meine Hochzeitsreportage. W\u00e4hrend der Saison an Wochenenden m\u00f6glich, ab 8 Stunden.<\/p>\n<\/div>\n<\/div>\n<\/div>\n<div class=\"elementor-element elementor-element-1d6ca1b animated-fast e-con-full e-flex elementor-invisible e-con e-child\" data-id=\"1d6ca1b\" data-element_type=\"container\" data-settings=\"{&quot;animation&quot;:&quot;fadeIn&quot;,&quot;animation_delay&quot;:600}\">\n<div class=\"elementor-element elementor-element-8c71da5 elementor-widget elementor-widget-image\" data-id=\"8c71da5\" data-element_type=\"widget\" data-settings=\"{&quot;_animation&quot;:&quot;none&quot;,&quot;_animation_delay&quot;:200}\" data-widget_type=\"image.default\">\n<div class=\"elementor-widget-container\"><\/div>\n<\/div>\n<div class=\"elementor-element elementor-element-31b7a54 elementor-widget elementor-widget-heading\" data-id=\"31b7a54\" data-element_type=\"widget\" data-widget_type=\"heading.default\">\n<div class=\"elementor-widget-container\">\n<h3 class=\"elementor-heading-title elementor-size-default\">Foto-Alben &amp;<br \/>\nB\u00fccher<\/h3>\n<\/div>\n<\/div>\n<div class=\"elementor-element elementor-element-6f4153a elementor-widget elementor-widget-text-editor\" data-id=\"6f4153a\" data-element_type=\"widget\" data-widget_type=\"text-editor.default\">\n<div class=\"elementor-widget-container\">\n<p>Einzigartige Hochzeitsfotos brauchen einen besonderen Rahmen. Schlie\u00dflich handelt es sich um Erinnerungen f\u00fcr ein ganzes gemeinsames Leben. Deshalb biete ich exklusive <a title=\"Hochzeitsalben\" href=\"https:\/\/chrislet.de\/hochzeitsfotograf\/hochzeitsalben-bildbaende\/\">Hochzeitsalben<\/a> in unterschiedlichen Ausf\u00fchrungen an.<\/p>\n<\/div>\n<\/div>\n<\/div>\n<\/div>\n<\/div>\n<div class=\"elementor-element elementor-element-168cb69 e-flex e-con-boxed e-con e-parent\" data-id=\"168cb69\" data-element_type=\"container\">\n<div class=\"e-con-inner\">\n<div class=\"elementor-element elementor-element-8a8f67e animated-fast e-con-full e-flex elementor-invisible e-con e-child\" data-id=\"8a8f67e\" data-element_type=\"container\" data-settings=\"{&quot;animation&quot;:&quot;fadeIn&quot;,&quot;animation_delay&quot;:200}\">\n<div class=\"elementor-element elementor-element-794eb7c elementor-widget elementor-widget-image\" data-id=\"794eb7c\" data-element_type=\"widget\" data-settings=\"{&quot;_animation&quot;:&quot;none&quot;,&quot;_animation_delay&quot;:200}\" data-widget_type=\"image.default\">\n<div class=\"elementor-widget-container\"><\/div>\n<\/div>\n<div class=\"elementor-element elementor-element-62f29d2 elementor-widget elementor-widget-heading\" data-id=\"62f29d2\" data-element_type=\"widget\" data-widget_type=\"heading.default\">\n<div class=\"elementor-widget-container\">\n<h3 class=\"elementor-heading-title elementor-size-default\">Drohnen-<br \/>\nAufnahmen<\/h3>\n<\/div>\n<\/div>\n<div class=\"elementor-element elementor-element-a36e237 elementor-widget elementor-widget-text-editor\" data-id=\"a36e237\" data-element_type=\"widget\" data-widget_type=\"text-editor.default\">\n<div class=\"elementor-widget-container\">\n<p>Einzigartige Hochzeitsfotos verlangen auch mal besondere Perspektiven. Aus der Luft sieht manches ganz anders aus. Meine Drohnen-Aufnahmen sind in der Regel im Preis inbegriffen.<\/p>\n<\/div>\n<\/div>\n<\/div>\n<div class=\"elementor-element elementor-element-556f072 animated-fast e-con-full e-flex elementor-invisible e-con e-child\" data-id=\"556f072\" data-element_type=\"container\" data-settings=\"{&quot;animation&quot;:&quot;fadeIn&quot;,&quot;animation_delay&quot;:400}\">\n<div class=\"elementor-element elementor-element-750c710 elementor-widget elementor-widget-image\" data-id=\"750c710\" data-element_type=\"widget\" data-settings=\"{&quot;_animation&quot;:&quot;none&quot;,&quot;_animation_delay&quot;:200}\" data-widget_type=\"image.default\">\n<div class=\"elementor-widget-container\"><\/div>\n<\/div>\n<div class=\"elementor-element elementor-element-bba41f3 elementor-widget elementor-widget-heading\" data-id=\"bba41f3\" data-element_type=\"widget\" data-widget_type=\"heading.default\">\n<div class=\"elementor-widget-container\">\n<h3 class=\"elementor-heading-title elementor-size-default\">FotoBox &amp; Photobooth<\/h3>\n<\/div>\n<\/div>\n<div class=\"elementor-element elementor-element-48da8f0 elementor-widget elementor-widget-text-editor\" data-id=\"48da8f0\" data-element_type=\"widget\" data-widget_type=\"text-editor.default\">\n<div class=\"elementor-widget-container\">\n<p>Mit einer FotoBox kommt Partystimmung auf. So k\u00f6nnt Ihr Eure G\u00e4ste ins Geschehen einbeziehen und die Feierstimmung lustig auflockern.<\/p>\n<\/div>\n<\/div>\n<\/div>\n<div class=\"elementor-element elementor-element-b419228 animated-fast e-con-full e-flex elementor-invisible e-con e-child\" data-id=\"b419228\" data-element_type=\"container\" data-settings=\"{&quot;animation&quot;:&quot;fadeIn&quot;,&quot;animation_delay&quot;:600}\">\n<div class=\"elementor-element elementor-element-4456097 elementor-widget elementor-widget-image\" data-id=\"4456097\" data-element_type=\"widget\" data-settings=\"{&quot;_animation&quot;:&quot;none&quot;,&quot;_animation_delay&quot;:200}\" data-widget_type=\"image.default\">\n<div class=\"elementor-widget-container\"><\/div>\n<\/div>\n<div class=\"elementor-element elementor-element-7b7d311 elementor-widget elementor-widget-heading\" data-id=\"7b7d311\" data-element_type=\"widget\" data-widget_type=\"heading.default\">\n<div class=\"elementor-widget-container\">\n<h3 class=\"elementor-heading-title elementor-size-default\">Hochzeits-<br \/>\nVideo<\/h3>\n<\/div>\n<\/div>\n<div class=\"elementor-element elementor-element-685cc2a elementor-widget elementor-widget-text-editor\" data-id=\"685cc2a\" data-element_type=\"widget\" data-widget_type=\"text-editor.default\">\n<div class=\"elementor-widget-container\">\n<p>Bewegte Bilder geben die Stimmung Eurer Hochzeitsfeier noch authentischer wieder. Mit einem Highlight-Video erlebt Ihr die sch\u00f6nsten Momente noch einmal live.<\/p>\n<\/div>\n<\/div>\n<\/div>\n<\/div>\n<\/div>\n<div class=\"elementor-element elementor-element-026078f e-con-full e-flex e-con e-parent\" data-id=\"026078f\" data-element_type=\"container\">\n<div class=\"elementor-element elementor-element-91e5312 elementor-widget elementor-widget-menu-anchor\" data-id=\"91e5312\" data-element_type=\"widget\" data-widget_type=\"menu-anchor.default\">\n<div class=\"elementor-widget-container\">\n<div id=\"das-schreiben-brautpaare\" class=\"elementor-menu-anchor\"><\/div>\n<\/div>\n<\/div>\n<div class=\"elementor-element elementor-element-2a7df17 elementor-widget__width-inherit elementor-widget elementor-widget-heading\" data-id=\"2a7df17\" data-element_type=\"widget\" data-widget_type=\"heading.default\">\n<div class=\"elementor-widget-container\">\n<h2 class=\"elementor-heading-title elementor-size-default\">Feedback meiner Paare<\/h2>\n<\/div>\n<\/div>\n<\/div>\n<div class=\"elementor-element elementor-element-8803066 e-flex e-con-boxed e-con e-parent\" data-id=\"8803066\" data-element_type=\"container\">\n<div class=\"e-con-inner\">\n<div class=\"elementor-element elementor-element-054d854 e-con-full e-flex e-con e-child\" data-id=\"054d854\" data-element_type=\"container\">\n<div class=\"elementor-element elementor-element-addeae4 animated-fast elementor-invisible elementor-widget elementor-widget-testimonial\" data-id=\"addeae4\" data-element_type=\"widget\" data-settings=\"{&quot;_animation&quot;:&quot;fadeIn&quot;,&quot;_animation_delay&quot;:200}\" data-widget_type=\"testimonial.default\">\n<div class=\"elementor-widget-container\">\n<div class=\"elementor-testimonial-wrapper\">\n<div class=\"elementor-testimonial-content\">\n<p>Lieber Christoph, herzlichen Dank f\u00fcr deinen Supertollen Bilder. Selbst als als unge\u00fcbte Models haben wir uns stets wohl gef\u00fchlt und du bist jederzeit auf W\u00fcnsche von uns eingegangen. Gerne danken wir wieder einmal an dich bei einem weiteren Fotoshooting.<\/p>\n<\/div>\n<div class=\"elementor-testimonial-meta elementor-has-image elementor-testimonial-image-position-aside\">\n<div class=\"elementor-testimonial-meta-inner\">\n<div class=\"elementor-testimonial-image\"><\/div>\n<div class=\"elementor-testimonial-details\">\n<div class=\"elementor-testimonial-name\">Andrea &amp; Adrian<\/div>\n<div class=\"elementor-testimonial-job\"><span style=\"color: #fcbf02;\">\u2605\u2605\u2605\u2605\u2605<\/span><\/div>\n<\/div>\n<\/div>\n<\/div>\n<\/div>\n<\/div>\n<\/div>\n<div class=\"elementor-element elementor-element-8082504 animated-fast elementor-invisible elementor-widget elementor-widget-testimonial\" data-id=\"8082504\" data-element_type=\"widget\" data-settings=\"{&quot;_animation&quot;:&quot;fadeIn&quot;,&quot;_animation_delay&quot;:200}\" data-widget_type=\"testimonial.default\">\n<div class=\"elementor-widget-container\">\n<div class=\"elementor-testimonial-wrapper\">\n<div class=\"elementor-testimonial-content\">\n<p>Es ist unglaublich sch\u00f6n &amp; traumhaft, wie du unseren Tag festgehalten hast. Vielen Dank f\u00fcr diene Arbeit. \u2026 Das sagen \u00fcbrigens auch unsere Freunde und G\u00e4ste, die dich als sehr sympathischen Fotografen wahrgenommen haben.<\/p>\n<\/div>\n<div class=\"elementor-testimonial-meta elementor-has-image elementor-testimonial-image-position-aside\">\n<div class=\"elementor-testimonial-meta-inner\">\n<div class=\"elementor-testimonial-image\"><\/div>\n<div class=\"elementor-testimonial-details\">\n<div class=\"elementor-testimonial-name\">Sabine &amp; Cornelius<\/div>\n<div class=\"elementor-testimonial-job\"><span style=\"color: #fcbf02;\">\u2605\u2605\u2605\u2605\u2605<\/span><\/div>\n<\/div>\n<\/div>\n<\/div>\n<\/div>\n<\/div>\n<\/div>\n<\/div>\n<div class=\"elementor-element elementor-element-71929a6 e-con-full e-flex e-con e-child\" data-id=\"71929a6\" data-element_type=\"container\">\n<div class=\"elementor-element elementor-element-288c1bb animated-fast elementor-invisible elementor-widget elementor-widget-testimonial\" data-id=\"288c1bb\" data-element_type=\"widget\" data-settings=\"{&quot;_animation&quot;:&quot;fadeIn&quot;,&quot;_animation_delay&quot;:200}\" data-widget_type=\"testimonial.default\">\n<div class=\"elementor-widget-container\">\n<div class=\"elementor-testimonial-wrapper\">\n<div class=\"elementor-testimonial-content\">\n<p>Danke, dass du uns an unserem Hochzeitstag begleitet hast. Dein unglaubliches Engagement und deine wundervollen Werke werden uns immer begleiten. Wir lieben unsere Hochzeitsfotos und k\u00f6nnen uns Garn nicht satt sehen.<\/p>\n<\/div>\n<div class=\"elementor-testimonial-meta elementor-has-image elementor-testimonial-image-position-aside\">\n<div class=\"elementor-testimonial-meta-inner\">\n<div class=\"elementor-testimonial-image\"><\/div>\n<div class=\"elementor-testimonial-details\">\n<div class=\"elementor-testimonial-name\">Hanna &amp; Michael<\/div>\n<div class=\"elementor-testimonial-job\"><span style=\"color: #fcbf02;\">\u2605\u2605\u2605\u2605\u2605<\/span><\/div>\n<\/div>\n<\/div>\n<\/div>\n<\/div>\n<\/div>\n<\/div>\n<div class=\"elementor-element elementor-element-e2ac817 animated-fast elementor-invisible elementor-widget elementor-widget-testimonial\" data-id=\"e2ac817\" data-element_type=\"widget\" data-settings=\"{&quot;_animation&quot;:&quot;fadeIn&quot;,&quot;_animation_delay&quot;:200}\" data-widget_type=\"testimonial.default\">\n<div class=\"elementor-widget-container\">\n<div class=\"elementor-testimonial-wrapper\">\n<div class=\"elementor-testimonial-content\">\n<p>Christoph hat unsere Hochzeit auf <a title=\"Schloss Montfort\" href=\"https:\/\/www.tourismus-langenargen.de\/erleben\/highlights\/schloss-montfort\" target=\"_blank\" rel=\"noopener noreferrer nofollow\">Schloss Montfort<\/a> begleitet. Vielen Dank f\u00fcr deine tollen Bilder. Immer wieder entdecken wir Momente in deinen Fotos, die wir gar nicht war genommen haben. Wir sind froh, dass wir dich an unserer Seite hatten.<\/p>\n<\/div>\n<div class=\"elementor-testimonial-meta elementor-has-image elementor-testimonial-image-position-aside\">\n<div class=\"elementor-testimonial-meta-inner\">\n<div class=\"elementor-testimonial-image\"><\/div>\n<div class=\"elementor-testimonial-details\">\n<div class=\"elementor-testimonial-name\">Franzi &amp; Mattias<\/div>\n<div class=\"elementor-testimonial-job\"><span style=\"color: #fcbf02;\">\u2605\u2605\u2605\u2605\u2605<\/span><\/div>\n<\/div>\n<\/div>\n<\/div>\n<\/div>\n<\/div>\n<\/div>\n<\/div>\n<\/div>\n<\/div>\n<div class=\"elementor-element elementor-element-0644932 e-flex e-con-boxed e-con e-parent\" data-id=\"0644932\" data-element_type=\"container\">\n<div class=\"e-con-inner\">\n<div class=\"elementor-element elementor-element-5c6793e elementor-align-center elementor-widget__width-auto elementor-widget elementor-widget-button\" title=\"Weitere Meinungen und Bewertungen anderer Brautpaare\" data-id=\"5c6793e\" data-element_type=\"widget\" data-widget_type=\"button.default\">\n<div class=\"elementor-widget-container\">\n<div class=\"elementor-button-wrapper\"><a class=\"elementor-button elementor-button-link elementor-size-xs\" title=\"Feedback meiner Hochzeitspaare\" href=\"https:\/\/chrislet.de\/hochzeitsfotograf\/about\/\"> <span class=\"elementor-button-content-wrapper\"> <span class=\"elementor-button-text\">weitere Kunden Stimmen<\/span> <\/span> <\/a><\/div>\n<\/div>\n<\/div>\n<\/div>\n<\/div>\n<div class=\"elementor-element elementor-element-eecb391 e-flex e-con-boxed e-con e-parent\" data-id=\"eecb391\" data-element_type=\"container\" data-settings=\"{&quot;background_background&quot;:&quot;classic&quot;}\">\n<div class=\"e-con-inner\">\n<div class=\"elementor-element elementor-element-fcc05c5 e-con-full e-flex e-con e-child\" data-id=\"fcc05c5\" data-element_type=\"container\">\n<div class=\"elementor-element elementor-element-928b030 elementor-widget elementor-widget-menu-anchor\" data-id=\"928b030\" data-element_type=\"widget\" data-widget_type=\"menu-anchor.default\">\n<div class=\"elementor-widget-container\">\n<div id=\"checkt-eurer-hochzeitsdatum\" class=\"elementor-menu-anchor\"><\/div>\n<\/div>\n<\/div>\n<div class=\"elementor-element elementor-element-6ba67e0 animated-slow elementor-widget elementor-widget-heading\" data-id=\"6ba67e0\" data-element_type=\"widget\" data-settings=\"{&quot;_animation&quot;:&quot;none&quot;,&quot;_animation_delay&quot;:0.5}\" data-widget_type=\"heading.default\">\n<div class=\"elementor-widget-container\">\n<p class=\"elementor-heading-title elementor-size-default\">INTERESSIERT?<b> Jetzt ganz einfach ein kostenloses Kennenlerngespr\u00e4ch vereinbaren!<\/b><\/p>\n<\/div>\n<\/div>\n<div class=\"elementor-element elementor-element-9c8796c elementor-widget__width-initial elementor-widget elementor-widget-text-editor\" data-id=\"9c8796c\" data-element_type=\"widget\" data-widget_type=\"text-editor.default\">\n<div class=\"elementor-widget-container\">\n<p>Ich als Fotograf bin hautnah dabei, nehme die Stimmung auf und fange die Gef\u00fchle bildlich ein. Lasst mich an Eurem Gl\u00fcck teilhaben, ich halte es auf meinen Fotos f\u00fcr Euch fest und konserviere es f\u00fcr die Ewigkeit. Der erste Schritt ist ein Kennenlerntermin, Euer Hochzeitsfotograf f\u00fcr Friedrichshafen freut sich auf Kontaktanfragen<\/p>\n<p>Ich freue mich, Euch kennenzulernen.<\/p>\n<\/div>\n<\/div>\n<\/div>\n<div class=\"elementor-element elementor-element-40bafd6 e-con-full e-flex e-con e-child\" data-id=\"40bafd6\" data-element_type=\"container\">\n<div class=\"elementor-element elementor-element-2c8109e elementor-align-center elementor-mobile-align-center elementor-widget elementor-widget-button\" data-id=\"2c8109e\" data-element_type=\"widget\" data-widget_type=\"button.default\">\n<div class=\"elementor-widget-container\">\n<div class=\"elementor-button-wrapper\"><a class=\"elementor-button elementor-button-link elementor-size-lg\" title=\"Eure Anfrage an Christoph\" href=\"https:\/\/chrislet.de\/hochzeitsfotograf\/kontakt\/\"> <span class=\"elementor-button-content-wrapper\"> <span class=\"elementor-button-text\">Eure Anfrage<br \/>\nschreibt mir<\/span> <\/span> <\/a><\/div>\n<\/div>\n<\/div>\n<div class=\"elementor-element elementor-element-8661e7d e-con-full e-flex e-con e-child\" data-id=\"8661e7d\" data-element_type=\"container\">\n<div class=\"elementor-element elementor-element-675a379 e-con-full e-flex e-con e-child\" data-id=\"675a379\" data-element_type=\"container\">\n<div class=\"elementor-element elementor-element-5c3bfd7 elementor-view-default elementor-widget elementor-widget-icon\" data-id=\"5c3bfd7\" data-element_type=\"widget\" data-widget_type=\"icon.default\">\n<div class=\"elementor-widget-container\">\n<div class=\"elementor-icon-wrapper\">\n<div class=\"elementor-icon\"><\/div>\n<\/div>\n<\/div>\n<\/div>\n<\/div>\n<div class=\"elementor-element elementor-element-619b720 e-con-full e-flex e-con e-child\" data-id=\"619b720\" data-element_type=\"container\">\n<div class=\"elementor-element elementor-element-b4eb1dd elementor-widget elementor-widget-heading\" data-id=\"b4eb1dd\" data-element_type=\"widget\" data-widget_type=\"heading.default\">\n<div class=\"elementor-widget-container\">\n<p class=\"elementor-heading-title elementor-size-default\">E-Mail<\/p>\n<\/div>\n<\/div>\n<div class=\"elementor-element elementor-element-080d49b elementor-widget elementor-widget-heading\" data-id=\"080d49b\" data-element_type=\"widget\" data-widget_type=\"heading.default\">\n<div class=\"elementor-widget-container\">\n<p class=\"elementor-heading-title elementor-size-default\"><a href=\"mailto:photo@chrislet.de\">photo@chrislet.de<\/a><\/p>\n<\/div>\n<\/div>\n<\/div>\n<\/div>\n<div class=\"elementor-element elementor-element-f22b009 e-con-full e-flex e-con e-child\" data-id=\"f22b009\" data-element_type=\"container\">\n<div class=\"elementor-element elementor-element-d237905 e-con-full e-flex e-con e-child\" data-id=\"d237905\" data-element_type=\"container\">\n<div class=\"elementor-element elementor-element-d8dda1f elementor-view-default elementor-widget elementor-widget-icon\" data-id=\"d8dda1f\" data-element_type=\"widget\" data-widget_type=\"icon.default\">\n<div class=\"elementor-widget-container\">\n<div class=\"elementor-icon-wrapper\">\n<div class=\"elementor-icon\"><\/div>\n<\/div>\n<\/div>\n<\/div>\n<\/div>\n<div class=\"elementor-element elementor-element-7600206 e-con-full e-flex e-con e-child\" data-id=\"7600206\" data-element_type=\"container\">\n<div class=\"elementor-element elementor-element-aa532a8 elementor-widget elementor-widget-heading\" data-id=\"aa532a8\" data-element_type=\"widget\" data-widget_type=\"heading.default\">\n<div class=\"elementor-widget-container\">\n<p class=\"elementor-heading-title elementor-size-default\">Telefon<\/p>\n<\/div>\n<\/div>\n<div class=\"elementor-element elementor-element-d4a7e41 elementor-widget elementor-widget-heading\" data-id=\"d4a7e41\" data-element_type=\"widget\" data-widget_type=\"heading.default\">\n<div class=\"elementor-widget-container\">\n<p class=\"elementor-heading-title elementor-size-default\">+49 176-64221919<\/p>\n<\/div>\n<\/div>\n<\/div>\n<\/div>\n<\/div>\n<\/div>\n<\/div>\n<\/div>\n","protected":false},"excerpt":{"rendered":"<p>Hochzeitsfotograf Friedrichshafen Zeitlose Hochzeitsfotografie. Echte Momente. Wie stellt Ihr Euch Eure Hochzeitsfotos vor? Sie sollen eine lebenslange Erinnerung an den sch\u00f6nsten Tag Eurer Liebe sein \u2013 Euer Hochzeitsfotograf Friedrichshafen m\u00f6chte Euch aber noch mehr bieten. Authentische Hochzeitsfotos spiegeln Euren einzigartigen Hochzeitstag genauso wider, wie er stattgefunden hat. Und f\u00fcllen die Erinnerung mit Leben. Die Erinnerung [&hellip;]<\/p>\n","protected":false},"author":5,"featured_media":40130,"comment_status":"closed","ping_status":"closed","sticky":false,"template":"","format":"standard","meta":{"_acf_changed":false,"site-sidebar-layout":"default","site-content-layout":"default","ast-site-content-layout":"default","site-content-style":"default","site-sidebar-style":"default","ast-global-header-display":"","ast-banner-title-visibility":"","ast-main-header-display":"","ast-hfb-above-header-display":"","ast-hfb-below-header-display":"","ast-hfb-mobile-header-display":"","site-post-title":"","ast-breadcrumbs-content":"","ast-featured-img":"","footer-sml-layout":"","theme-transparent-header-meta":"default","adv-header-id-meta":"","stick-header-meta":"","header-above-stick-meta":"","header-main-stick-meta":"","header-below-stick-meta":"","astra-migrate-meta-layouts":"set","ast-page-background-enabled":"default","ast-page-background-meta":{"desktop":{"background-color":"","background-image":"","background-repeat":"repeat","background-position":"center center","background-size":"auto","background-attachment":"scroll","background-type":"","background-media":"","overlay-type":"","overlay-color":"","overlay-opacity":"","overlay-gradient":""},"tablet":{"background-color":"","background-image":"","background-repeat":"repeat","background-position":"center center","background-size":"auto","background-attachment":"scroll","background-type":"","background-media":"","overlay-type":"","overlay-color":"","overlay-opacity":"","overlay-gradient":""},"mobile":{"background-color":"","background-image":"","background-repeat":"repeat","background-position":"center center","background-size":"auto","background-attachment":"scroll","background-type":"","background-media":"","overlay-type":"","overlay-color":"","overlay-opacity":"","overlay-gradient":""}},"ast-content-background-meta":{"desktop":{"background-color":"var(--ast-global-color-5)","background-image":"","background-repeat":"repeat","background-position":"center center","background-size":"auto","background-attachment":"scroll","background-type":"","background-media":"","overlay-type":"","overlay-color":"","overlay-opacity":"","overlay-gradient":""},"tablet":{"background-color":"var(--ast-global-color-5)","background-image":"","background-repeat":"repeat","background-position":"center center","background-size":"auto","background-attachment":"scroll","background-type":"","background-media":"","overlay-type":"","overlay-color":"","overlay-opacity":"","overlay-gradient":""},"mobile":{"background-color":"var(--ast-global-color-5)","background-image":"","background-repeat":"repeat","background-position":"center center","background-size":"auto","background-attachment":"scroll","background-type":"","background-media":"","overlay-type":"","overlay-color":"","overlay-opacity":"","overlay-gradient":""}},"iawp_total_views":89,"footnotes":""},"categories":[225],"tags":[],"class_list":["post-43491","post","type-post","status-publish","format-standard","has-post-thumbnail","hentry","category-locations"],"acf":[],"_links":{"self":[{"href":"https:\/\/chrislet.de\/hochzeitsfotograf\/wp-json\/wp\/v2\/posts\/43491","targetHints":{"allow":["GET"]}}],"collection":[{"href":"https:\/\/chrislet.de\/hochzeitsfotograf\/wp-json\/wp\/v2\/posts"}],"about":[{"href":"https:\/\/chrislet.de\/hochzeitsfotograf\/wp-json\/wp\/v2\/types\/post"}],"author":[{"embeddable":true,"href":"https:\/\/chrislet.de\/hochzeitsfotograf\/wp-json\/wp\/v2\/users\/5"}],"replies":[{"embeddable":true,"href":"https:\/\/chrislet.de\/hochzeitsfotograf\/wp-json\/wp\/v2\/comments?post=43491"}],"version-history":[{"count":0,"href":"https:\/\/chrislet.de\/hochzeitsfotograf\/wp-json\/wp\/v2\/posts\/43491\/revisions"}],"wp:featuredmedia":[{"embeddable":true,"href":"https:\/\/chrislet.de\/hochzeitsfotograf\/wp-json\/wp\/v2\/media\/40130"}],"wp:attachment":[{"href":"https:\/\/chrislet.de\/hochzeitsfotograf\/wp-json\/wp\/v2\/media?parent=43491"}],"wp:term":[{"taxonomy":"category","embeddable":true,"href":"https:\/\/chrislet.de\/hochzeitsfotograf\/wp-json\/wp\/v2\/categories?post=43491"},{"taxonomy":"post_tag","embeddable":true,"href":"https:\/\/chrislet.de\/hochzeitsfotograf\/wp-json\/wp\/v2\/tags?post=43491"}],"curies":[{"name":"wp","href":"https:\/\/api.w.org\/{rel}","templated":true}]}}